{"id":5424,"date":"2021-05-24T17:28:48","date_gmt":"2021-05-24T15:28:48","guid":{"rendered":"http:\/\/cl.pwszchelm.edu.pl\/?p=5424"},"modified":"2021-05-24T17:31:26","modified_gmt":"2021-05-24T15:31:26","slug":"5424","status":"publish","type":"post","link":"https:\/\/cl.panschelm.edu.pl\/?p=5424","title":{"rendered":"Relacja z 16. Og\u00f3lnopolskich Zawod\u00f3w Samolotowych im. W. Wieczorka w Rudnikach"},"content":{"rendered":"<p>W\u00a0dniach 18-23\u00a0maja 2021\u00a0na\u00a0lotnisku Aeroklubu Cz\u0119stochowskiego w\u00a0Rudnikach odby\u0142y si\u0119 Konsultacje Treningowe oraz\u00a016. Og\u00f3lnopolskie Zawody Samolotowe im.\u00a0W. Wieczorka. Pa\u0144stwow\u0105 Wy\u017csz\u0105 Szko\u0142\u0119 Zawodow\u0105 w\u00a0Che\u0142mie oraz\u00a0Warter Aviation reprezentowa\u0142o 6\u00a0zawodnik\u00f3w na\u00a0samolotach Cessna 152:<\/p>\n<ul>\n<li>Agnieszka Dec<\/li>\n<li>Albert Ma\u0142ek<\/li>\n<li>Bartosz Brzezi\u0144ski<\/li>\n<li>Konrad Partyka<\/li>\n<li>Patryk G\u0105sior<\/li>\n<li>Damian Czak.<\/li>\n<\/ul>\n<p>W\u00a0czasie Konsultacji Treningowych zawodnicy wykonali po\u00a060\u00a0treningowych l\u0105dowa\u0144 oraz\u00a0jedn\u0105 tras\u0119 nawigacyjn\u0105.<\/p>\n<p>Zawody sk\u0142ada\u0142y si\u0119 z\u00a0dw\u00f3ch konkurencji nawigacyjnych oraz\u00a04\u00a0l\u0105dowa\u0144 na\u00a0celno\u015b\u0107 \u2013 2\u00a0normalne i\u00a02\u00a0znad bramki.<\/p>\n<p>Wieczorem 22\u00a0maja odby\u0142a si\u0119 ceremonia zako\u0144czenia zawod\u00f3w. Na\u00a0podium stan\u0119li:<\/p>\n<p><strong>Miejsce I<\/strong>\u00a0\u2013 Micha\u0142 Bartler, Aeroklub Stalowowolski, 198\u00a0pkt.<br \/>\n<strong>Miejsce II<\/strong>\u00a0\u2013 Micha\u0142 Wieczorek, Aeroklub Krakowski, 260\u00a0pkt.<br \/>\n<strong>Miejsce III<\/strong>\u00a0\u2013 Marcin Chrz\u0105szcz, Aeroklub Wroc\u0142awski, 330\u00a0pkt.<\/p>\n<p>Najlepszym juniorem okaza\u0142 si\u0119\u00a0<strong>Patryk G\u0105sior<\/strong>\u00a0reprezentuj\u0105cy<strong>\u00a0Pa\u0144stwow\u0105 Wy\u017csz\u0105 Szko\u0142\u0119 Zawodow\u0105 w\u00a0Che\u0142mie<\/strong>, z\u00a0wynikiem 1160\u00a0pkt. Tym samym po\u00a0raz drugi z\u00a0rz\u0119du otrzyma\u0142 puchar przechodni Og\u00f3lnopolskich Zawod\u00f3w Samolotowych im.\u00a0W. Wieczorka.<\/p>\n<p>Studenci serdecznie dzi\u0119kuj\u0105 Centrum Lotniczemu Pa\u0144stwowej Wy\u017cszej Szko\u0142y Zawodowej w\u00a0Che\u0142mie, firmie Warter Aviation oraz\u00a0Organizatorom za\u00a0mo\u017cliwo\u015b\u0107 wzi\u0119cia udzia\u0142u w\u00a0zawodach i\u00a0rywalizowania z\u00a0najbardziej utytu\u0142owanymi sportowcami lotniczymi w\u00a0Polsce!<\/p>\n<div class=\"gdlr-shortcode-wrapper\"><div class=\"gdlr-gallery-item gdlr-item\" ><div class=\"gallery-column four columns\"><div class=\"gallery-item\"><a href=\"https:\/\/cl.panschelm.edu.pl\/wp-content\/uploads\/2021\/05\/188455072_3922840911133917_7103422149835893455_n.jpg\" data-fancybox-group=\"gdlr-gal-1\" data-rel=\"fancybox\" ><img loading=\"lazy\" decoding=\"async\" src=\"https:\/\/cl.panschelm.edu.pl\/wp-content\/uploads\/2021\/05\/188455072_3922840911133917_7103422149835893455_n-150x150.jpg\" alt=\"\" width=\"150\" height=\"150\" \/><\/a><span class=\"gallery-caption\"><\/span><\/div><\/div><div class=\"gallery-column four columns\"><div class=\"gallery-item\"><a href=\"https:\/\/cl.panschelm.edu.pl\/wp-content\/uploads\/2021\/05\/188582238_3922840277800647_4835525383757950077_n.jpg\" data-fancybox-group=\"gdlr-gal-1\" data-rel=\"fancybox\" ><img loading=\"lazy\" decoding=\"async\" src=\"https:\/\/cl.panschelm.edu.pl\/wp-content\/uploads\/2021\/05\/188582238_3922840277800647_4835525383757950077_n-150x150.jpg\" alt=\"\" width=\"150\" height=\"150\" \/><\/a><span class=\"gallery-caption\"><\/span><\/div><\/div><div class=\"gallery-column four columns\"><div class=\"gallery-item\"><a href=\"https:\/\/cl.panschelm.edu.pl\/wp-content\/uploads\/2021\/05\/188697630_3922842124467129_1859902156831156120_n.jpg\" data-fancybox-group=\"gdlr-gal-1\" data-rel=\"fancybox\" ><img loading=\"lazy\" decoding=\"async\" src=\"https:\/\/cl.panschelm.edu.pl\/wp-content\/uploads\/2021\/05\/188697630_3922842124467129_1859902156831156120_n-150x150.jpg\" alt=\"\" width=\"150\" height=\"150\" \/><\/a><span class=\"gallery-caption\"><\/span><\/div><\/div><div class=\"clear\"><\/div><div class=\"gallery-column four columns\"><div class=\"gallery-item\"><a href=\"https:\/\/cl.panschelm.edu.pl\/wp-content\/uploads\/2021\/05\/189229762_169706405156613_7158713675485608153_n.jpg\" data-fancybox-group=\"gdlr-gal-1\" data-rel=\"fancybox\" ><img loading=\"lazy\" decoding=\"async\" src=\"https:\/\/cl.panschelm.edu.pl\/wp-content\/uploads\/2021\/05\/189229762_169706405156613_7158713675485608153_n-150x150.jpg\" alt=\"\" width=\"150\" height=\"150\" \/><\/a><span class=\"gallery-caption\"><\/span><\/div><\/div><div class=\"gallery-column four columns\"><div class=\"gallery-item\"><a href=\"https:\/\/cl.panschelm.edu.pl\/wp-content\/uploads\/2021\/05\/IMG_4074-scaled.jpg\" data-fancybox-group=\"gdlr-gal-1\" data-rel=\"fancybox\" ><img loading=\"lazy\" decoding=\"async\" src=\"https:\/\/cl.panschelm.edu.pl\/wp-content\/uploads\/2021\/05\/IMG_4074-150x150.jpg\" alt=\"\" width=\"150\" height=\"150\" \/><\/a><span class=\"gallery-caption\"><\/span><\/div><\/div><div class=\"gallery-column four columns\"><div class=\"gallery-item\"><a href=\"https:\/\/cl.panschelm.edu.pl\/wp-content\/uploads\/2021\/05\/IMG_7682-scaled.jpg\" data-fancybox-group=\"gdlr-gal-1\" data-rel=\"fancybox\" ><img loading=\"lazy\" decoding=\"async\" src=\"https:\/\/cl.panschelm.edu.pl\/wp-content\/uploads\/2021\/05\/IMG_7682-150x150.jpg\" alt=\"\" width=\"150\" height=\"150\" \/><\/a><span class=\"gallery-caption\"><\/span><\/div><\/div><div class=\"clear\"><\/div><div class=\"gallery-column four columns\"><div class=\"gallery-item\"><a href=\"https:\/\/cl.panschelm.edu.pl\/wp-content\/uploads\/2021\/05\/IMG_20210519_193059-scaled.jpg\" data-fancybox-group=\"gdlr-gal-1\" data-rel=\"fancybox\" ><img loading=\"lazy\" decoding=\"async\" src=\"https:\/\/cl.panschelm.edu.pl\/wp-content\/uploads\/2021\/05\/IMG_20210519_193059-150x150.jpg\" alt=\"\" width=\"150\" height=\"150\" \/><\/a><span class=\"gallery-caption\"><\/span><\/div><\/div><div class=\"gallery-column four columns\"><div class=\"gallery-item\"><a href=\"https:\/\/cl.panschelm.edu.pl\/wp-content\/uploads\/2021\/05\/IMG_20210519_202906-scaled.jpg\" data-fancybox-group=\"gdlr-gal-1\" data-rel=\"fancybox\" ><img loading=\"lazy\" decoding=\"async\" src=\"https:\/\/cl.panschelm.edu.pl\/wp-content\/uploads\/2021\/05\/IMG_20210519_202906-150x150.jpg\" alt=\"\" width=\"150\" height=\"150\" \/><\/a><span class=\"gallery-caption\"><\/span><\/div><\/div><div class=\"gallery-column four columns\"><div class=\"gallery-item\"><a href=\"https:\/\/cl.panschelm.edu.pl\/wp-content\/uploads\/2021\/05\/IMG_20210520_185252-scaled.jpg\" data-fancybox-group=\"gdlr-gal-1\" data-rel=\"fancybox\" ><img loading=\"lazy\" decoding=\"async\" src=\"https:\/\/cl.panschelm.edu.pl\/wp-content\/uploads\/2021\/05\/IMG_20210520_185252-150x150.jpg\" alt=\"\" width=\"150\" height=\"150\" \/><\/a><span class=\"gallery-caption\"><\/span><\/div><\/div><div class=\"clear\"><\/div><div class=\"gallery-column four columns\"><div class=\"gallery-item\"><a href=\"https:\/\/cl.panschelm.edu.pl\/wp-content\/uploads\/2021\/05\/IMG_20210521_163158-scaled.jpg\" data-fancybox-group=\"gdlr-gal-1\" data-rel=\"fancybox\" ><img loading=\"lazy\" decoding=\"async\" src=\"https:\/\/cl.panschelm.edu.pl\/wp-content\/uploads\/2021\/05\/IMG_20210521_163158-150x150.jpg\" alt=\"\" width=\"150\" height=\"150\" \/><\/a><span class=\"gallery-caption\"><\/span><\/div><\/div><div class=\"clear\"><\/div><\/div><\/div>\n","protected":false},"excerpt":{"rendered":"<p>W\u00a0dniach 18-23\u00a0maja 2021\u00a0na\u00a0lotnisku Aeroklubu Cz\u0119stochowskiego w\u00a0Rudnikach odby\u0142y si\u0119 Konsultacje Treningowe oraz\u00a016. Og\u00f3lnopolskie Zawody Samolotowe im.\u00a0W. Wieczorka. Pa\u0144stwow\u0105 Wy\u017csz\u0105 Szko\u0142\u0119 Zawodow\u0105 w\u00a0Che\u0142mie oraz\u00a0Warter Aviation reprezentowa\u0142o 6\u00a0zawodnik\u00f3w na\u00a0samolotach Cessna 152: Agnieszka Dec Albert Ma\u0142ek Bartosz Brzezi\u0144ski Konrad Partyka Patryk G\u0105sior Damian Czak. W\u00a0czasie Konsultacji Treningowych zawodnicy wykonali po\u00a060\u00a0treningowych l\u0105dowa\u0144 oraz\u00a0jedn\u0105 tras\u0119 nawigacyjn\u0105. Zawody sk\u0142ada\u0142y si\u0119 z\u00a0dw\u00f3ch konkurencji&#8230; <\/p>\n<div class=\"clear\"><\/div>\n<p><a href=\"https:\/\/cl.panschelm.edu.pl\/?p=5424\" class=\"excerpt-read-more\">Czytaj wi\u0119cej<i class=\"fa fa-angle-double-right icon-double-angle-right\"><\/i><\/a><\/p>\n","protected":false},"author":3,"featured_media":5434,"comment_status":"closed","ping_status":"closed","sticky":false,"template":"","format":"standard","meta":{"footnotes":""},"categories":[75],"tags":[],"class_list":["post-5424","post","type-post","status-publish","format-standard","has-post-thumbnail","hentry","category-aktualnosci"],"publishpress_future_action":{"enabled":false,"date":"1970-01-01 01:00:00","action":"","terms":[],"taxonomy":"","browser_timezone_offset":0},"_links":{"self":[{"href":"https:\/\/cl.panschelm.edu.pl\/index.php?rest_route=\/wp\/v2\/posts\/5424","targetHints":{"allow":["GET"]}}],"collection":[{"href":"https:\/\/cl.panschelm.edu.pl\/index.php?rest_route=\/wp\/v2\/posts"}],"about":[{"href":"https:\/\/cl.panschelm.edu.pl\/index.php?rest_route=\/wp\/v2\/types\/post"}],"author":[{"embeddable":true,"href":"https:\/\/cl.panschelm.edu.pl\/index.php?rest_route=\/wp\/v2\/users\/3"}],"replies":[{"embeddable":true,"href":"https:\/\/cl.panschelm.edu.pl\/index.php?rest_route=%2Fwp%2Fv2%2Fcomments&post=5424"}],"version-history":[{"count":3,"href":"https:\/\/cl.panschelm.edu.pl\/index.php?rest_route=\/wp\/v2\/posts\/5424\/revisions"}],"predecessor-version":[{"id":5437,"href":"https:\/\/cl.panschelm.edu.pl\/index.php?rest_route=\/wp\/v2\/posts\/5424\/revisions\/5437"}],"wp:featuredmedia":[{"embeddable":true,"href":"https:\/\/cl.panschelm.edu.pl\/index.php?rest_route=\/wp\/v2\/media\/5434"}],"wp:attachment":[{"href":"https:\/\/cl.panschelm.edu.pl\/index.php?rest_route=%2Fwp%2Fv2%2Fmedia&parent=5424"}],"wp:term":[{"taxonomy":"category","embeddable":true,"href":"https:\/\/cl.panschelm.edu.pl\/index.php?rest_route=%2Fwp%2Fv2%2Fcategories&post=5424"},{"taxonomy":"post_tag","embeddable":true,"href":"https:\/\/cl.panschelm.edu.pl\/index.php?rest_route=%2Fwp%2Fv2%2Ftags&post=5424"}],"curies":[{"name":"wp","href":"https:\/\/api.w.org\/{rel}","templated":true}]}}